{"id":4530,"date":"2019-04-25T08:24:54","date_gmt":"2019-04-25T08:24:54","guid":{"rendered":"https:\/\/www.jadek-pensa.si\/?p=4530"},"modified":"2019-04-25T09:04:22","modified_gmt":"2019-04-25T09:04:22","slug":"wettbewerb-pravna-resitev-2019","status":"publish","type":"post","link":"https:\/\/www.jadek-pensa.si\/de\/wettbewerb-pravna-resitev-2019\/","title":{"rendered":"Wettbewerb Prav(n)a re\u0161itev 2019"},"content":{"rendered":"<p>Der Fall, den wir in der Kanzlei entworfen haben, war anspruchsvoll, Elemente des klassischen Zivil-, Vertrags- und Wettbewerbsrechts waren miteinander verflochten und er hat auch einige Fallen im Verfahren enthalten. Trotz der Schwierigkeit des Falls wiesen alle Gruppen von Studenten, die bei unserer Kanzlei antraten, au\u00dfergew\u00f6hnliches Wissen nach und die Entscheidung \u00fcber den Gewinner war nicht einfach. Nach dem schriftlichen und m\u00fcndlichen Teil des Wettbewerbs war Team Simetra, bestehend aus Ana Ro\u0161, Simon Jan\u010dar und Meta Mo\u010dnik, am erfolgreichsten. Als Preis erh\u00e4lt jedes Mitglied des Gewinnerteams einen Monat praktischer Erfahrung und lernt die Arbeit des Anwalts in der Anwaltskanzlei Jadek &#038; Pensa kennen.<\/p>\n<p>Wir gratulieren allen Teams, die am Wettbewerb teilgenommen haben, und freuen uns auf die Zusammenarbeit mit dem Siegerteam in der Kanzlei. F\u00fcr die Zukunft des Anwaltsberufs muss man sicherlich nicht f\u00fcrchten.<\/p>\n","protected":false},"excerpt":{"rendered":"<p>In der Kanzlei sind wir uns bewusst, dass hoch qualifizierte Experten der Schl\u00fcssel zur Aus\u00fcbung des Anwaltsberufs sind. Und alle diese Exp&#8230;<\/p>\n","protected":false},"author":6,"featured_media":0,"comment_status":"closed","ping_status":"closed","sticky":false,"template":"","format":"standard","meta":{"_acf_changed":false,"footnotes":""},"categories":[60],"tags":[61],"class_list":["post-4530","post","type-post","status-publish","format-standard","hentry","category-nachrichten","tag-nachrichten"],"acf":[],"yoast_head":"<!-- This site is optimized with the Yoast SEO plugin v27.4 - https:\/\/yoast.com\/product\/yoast-seo-wordpress\/ -->\n<title>Wettbewerb Prav(n)a re\u0161itev 2019 - Jadek &amp; Pensa<\/title>\n<meta name=\"robots\" content=\"index, follow, max-snippet:-1, max-image-preview:large, max-video-preview:-1\" \/>\n<link rel=\"canonical\" href=\"https:\/\/www.jadek-pensa.si\/de\/wettbewerb-pravna-resitev-2019\/\" \/>\n<meta property=\"og:locale\" content=\"de_DE\" \/>\n<meta property=\"og:type\" content=\"article\" \/>\n<meta property=\"og:title\" content=\"Wettbewerb Prav(n)a re\u0161itev 2019 - Jadek &amp; Pensa\" \/>\n<meta property=\"og:description\" content=\"In der Kanzlei sind wir uns bewusst, dass hoch qualifizierte Experten der Schl\u00fcssel zur Aus\u00fcbung des Anwaltsberufs sind. Und alle diese Exp...\" \/>\n<meta property=\"og:url\" content=\"https:\/\/www.jadek-pensa.si\/de\/wettbewerb-pravna-resitev-2019\/\" \/>\n<meta property=\"og:site_name\" content=\"Jadek &amp; Pensa\" \/>\n<meta property=\"article:published_time\" content=\"2019-04-25T08:24:54+00:00\" \/>\n<meta property=\"article:modified_time\" content=\"2019-04-25T09:04:22+00:00\" \/>\n<meta property=\"og:image\" content=\"https:\/\/www.jadek-pensa.si\/wp-content\/uploads\/2024\/12\/social-image-scaled.jpg\" \/>\n\t<meta property=\"og:image:width\" content=\"2560\" \/>\n\t<meta property=\"og:image:height\" content=\"1440\" \/>\n\t<meta property=\"og:image:type\" content=\"image\/jpeg\" \/>\n<meta name=\"author\" content=\"Jerneja Domej\" \/>\n<meta name=\"twitter:card\" content=\"summary_large_image\" \/>\n<meta name=\"twitter:label1\" content=\"Verfasst von\" \/>\n\t<meta name=\"twitter:data1\" content=\"Jerneja Domej\" \/>\n\t<meta name=\"twitter:label2\" content=\"Gesch\u00e4tzte Lesezeit\" \/>\n\t<meta name=\"twitter:data2\" content=\"1\u00a0Minute\" \/>\n<script type=\"application\/ld+json\" class=\"yoast-schema-graph\">{\"@context\":\"https:\\\/\\\/schema.org\",\"@graph\":[{\"@type\":\"Article\",\"@id\":\"https:\\\/\\\/www.jadek-pensa.si\\\/de\\\/wettbewerb-pravna-resitev-2019\\\/#article\",\"isPartOf\":{\"@id\":\"https:\\\/\\\/www.jadek-pensa.si\\\/de\\\/wettbewerb-pravna-resitev-2019\\\/\"},\"author\":{\"name\":\"Jerneja Domej\",\"@id\":\"https:\\\/\\\/www.jadek-pensa.si\\\/de\\\/#\\\/schema\\\/person\\\/8a8f40dfae5e9085d6d3495ebff57924\"},\"headline\":\"Wettbewerb Prav(n)a re\u0161itev 2019\",\"datePublished\":\"2019-04-25T08:24:54+00:00\",\"dateModified\":\"2019-04-25T09:04:22+00:00\",\"mainEntityOfPage\":{\"@id\":\"https:\\\/\\\/www.jadek-pensa.si\\\/de\\\/wettbewerb-pravna-resitev-2019\\\/\"},\"wordCount\":147,\"keywords\":[\"Nachrichten\"],\"articleSection\":[\"Nachrichten\"],\"inLanguage\":\"de\"},{\"@type\":\"WebPage\",\"@id\":\"https:\\\/\\\/www.jadek-pensa.si\\\/de\\\/wettbewerb-pravna-resitev-2019\\\/\",\"url\":\"https:\\\/\\\/www.jadek-pensa.si\\\/de\\\/wettbewerb-pravna-resitev-2019\\\/\",\"name\":\"Wettbewerb Prav(n)a re\u0161itev 2019 - Jadek &amp; Pensa\",\"isPartOf\":{\"@id\":\"https:\\\/\\\/www.jadek-pensa.si\\\/de\\\/#website\"},\"datePublished\":\"2019-04-25T08:24:54+00:00\",\"dateModified\":\"2019-04-25T09:04:22+00:00\",\"author\":{\"@id\":\"https:\\\/\\\/www.jadek-pensa.si\\\/de\\\/#\\\/schema\\\/person\\\/8a8f40dfae5e9085d6d3495ebff57924\"},\"breadcrumb\":{\"@id\":\"https:\\\/\\\/www.jadek-pensa.si\\\/de\\\/wettbewerb-pravna-resitev-2019\\\/#breadcrumb\"},\"inLanguage\":\"de\",\"potentialAction\":[{\"@type\":\"ReadAction\",\"target\":[\"https:\\\/\\\/www.jadek-pensa.si\\\/de\\\/wettbewerb-pravna-resitev-2019\\\/\"]}]},{\"@type\":\"BreadcrumbList\",\"@id\":\"https:\\\/\\\/www.jadek-pensa.si\\\/de\\\/wettbewerb-pravna-resitev-2019\\\/#breadcrumb\",\"itemListElement\":[{\"@type\":\"ListItem\",\"position\":1,\"name\":\"Home\",\"item\":\"https:\\\/\\\/www.jadek-pensa.si\\\/de\\\/\"},{\"@type\":\"ListItem\",\"position\":2,\"name\":\"Wettbewerb Prav(n)a re\u0161itev 2019\"}]},{\"@type\":\"WebSite\",\"@id\":\"https:\\\/\\\/www.jadek-pensa.si\\\/de\\\/#website\",\"url\":\"https:\\\/\\\/www.jadek-pensa.si\\\/de\\\/\",\"name\":\"Jadek &amp; Pensa\",\"description\":\"\",\"potentialAction\":[{\"@type\":\"SearchAction\",\"target\":{\"@type\":\"EntryPoint\",\"urlTemplate\":\"https:\\\/\\\/www.jadek-pensa.si\\\/de\\\/?s={search_term_string}\"},\"query-input\":{\"@type\":\"PropertyValueSpecification\",\"valueRequired\":true,\"valueName\":\"search_term_string\"}}],\"inLanguage\":\"de\"},{\"@type\":\"Person\",\"@id\":\"https:\\\/\\\/www.jadek-pensa.si\\\/de\\\/#\\\/schema\\\/person\\\/8a8f40dfae5e9085d6d3495ebff57924\",\"name\":\"Jerneja Domej\",\"image\":{\"@type\":\"ImageObject\",\"inLanguage\":\"de\",\"@id\":\"https:\\\/\\\/secure.gravatar.com\\\/avatar\\\/219302c3536a7a6e99ac65aa6aaa3c19d48be6cdc0e9b7cade08e8b2af212d4f?s=96&d=mm&r=g\",\"url\":\"https:\\\/\\\/secure.gravatar.com\\\/avatar\\\/219302c3536a7a6e99ac65aa6aaa3c19d48be6cdc0e9b7cade08e8b2af212d4f?s=96&d=mm&r=g\",\"contentUrl\":\"https:\\\/\\\/secure.gravatar.com\\\/avatar\\\/219302c3536a7a6e99ac65aa6aaa3c19d48be6cdc0e9b7cade08e8b2af212d4f?s=96&d=mm&r=g\",\"caption\":\"Jerneja Domej\"},\"sameAs\":[\"http:\\\/\\\/www.jadek-pensa.si\\\/\"]}]}<\/script>\n<!-- \/ Yoast SEO plugin. -->","yoast_head_json":{"title":"Wettbewerb Prav(n)a re\u0161itev 2019 - Jadek &amp; Pensa","robots":{"index":"index","follow":"follow","max-snippet":"max-snippet:-1","max-image-preview":"max-image-preview:large","max-video-preview":"max-video-preview:-1"},"canonical":"https:\/\/www.jadek-pensa.si\/de\/wettbewerb-pravna-resitev-2019\/","og_locale":"de_DE","og_type":"article","og_title":"Wettbewerb Prav(n)a re\u0161itev 2019 - Jadek &amp; Pensa","og_description":"In der Kanzlei sind wir uns bewusst, dass hoch qualifizierte Experten der Schl\u00fcssel zur Aus\u00fcbung des Anwaltsberufs sind. Und alle diese Exp...","og_url":"https:\/\/www.jadek-pensa.si\/de\/wettbewerb-pravna-resitev-2019\/","og_site_name":"Jadek &amp; Pensa","article_published_time":"2019-04-25T08:24:54+00:00","article_modified_time":"2019-04-25T09:04:22+00:00","og_image":[{"width":2560,"height":1440,"url":"https:\/\/www.jadek-pensa.si\/wp-content\/uploads\/2024\/12\/social-image-scaled.jpg","type":"image\/jpeg"}],"author":"Jerneja Domej","twitter_card":"summary_large_image","twitter_misc":{"Verfasst von":"Jerneja Domej","Gesch\u00e4tzte Lesezeit":"1\u00a0Minute"},"schema":{"@context":"https:\/\/schema.org","@graph":[{"@type":"Article","@id":"https:\/\/www.jadek-pensa.si\/de\/wettbewerb-pravna-resitev-2019\/#article","isPartOf":{"@id":"https:\/\/www.jadek-pensa.si\/de\/wettbewerb-pravna-resitev-2019\/"},"author":{"name":"Jerneja Domej","@id":"https:\/\/www.jadek-pensa.si\/de\/#\/schema\/person\/8a8f40dfae5e9085d6d3495ebff57924"},"headline":"Wettbewerb Prav(n)a re\u0161itev 2019","datePublished":"2019-04-25T08:24:54+00:00","dateModified":"2019-04-25T09:04:22+00:00","mainEntityOfPage":{"@id":"https:\/\/www.jadek-pensa.si\/de\/wettbewerb-pravna-resitev-2019\/"},"wordCount":147,"keywords":["Nachrichten"],"articleSection":["Nachrichten"],"inLanguage":"de"},{"@type":"WebPage","@id":"https:\/\/www.jadek-pensa.si\/de\/wettbewerb-pravna-resitev-2019\/","url":"https:\/\/www.jadek-pensa.si\/de\/wettbewerb-pravna-resitev-2019\/","name":"Wettbewerb Prav(n)a re\u0161itev 2019 - Jadek &amp; Pensa","isPartOf":{"@id":"https:\/\/www.jadek-pensa.si\/de\/#website"},"datePublished":"2019-04-25T08:24:54+00:00","dateModified":"2019-04-25T09:04:22+00:00","author":{"@id":"https:\/\/www.jadek-pensa.si\/de\/#\/schema\/person\/8a8f40dfae5e9085d6d3495ebff57924"},"breadcrumb":{"@id":"https:\/\/www.jadek-pensa.si\/de\/wettbewerb-pravna-resitev-2019\/#breadcrumb"},"inLanguage":"de","potentialAction":[{"@type":"ReadAction","target":["https:\/\/www.jadek-pensa.si\/de\/wettbewerb-pravna-resitev-2019\/"]}]},{"@type":"BreadcrumbList","@id":"https:\/\/www.jadek-pensa.si\/de\/wettbewerb-pravna-resitev-2019\/#breadcrumb","itemListElement":[{"@type":"ListItem","position":1,"name":"Home","item":"https:\/\/www.jadek-pensa.si\/de\/"},{"@type":"ListItem","position":2,"name":"Wettbewerb Prav(n)a re\u0161itev 2019"}]},{"@type":"WebSite","@id":"https:\/\/www.jadek-pensa.si\/de\/#website","url":"https:\/\/www.jadek-pensa.si\/de\/","name":"Jadek &amp; Pensa","description":"","potentialAction":[{"@type":"SearchAction","target":{"@type":"EntryPoint","urlTemplate":"https:\/\/www.jadek-pensa.si\/de\/?s={search_term_string}"},"query-input":{"@type":"PropertyValueSpecification","valueRequired":true,"valueName":"search_term_string"}}],"inLanguage":"de"},{"@type":"Person","@id":"https:\/\/www.jadek-pensa.si\/de\/#\/schema\/person\/8a8f40dfae5e9085d6d3495ebff57924","name":"Jerneja Domej","image":{"@type":"ImageObject","inLanguage":"de","@id":"https:\/\/secure.gravatar.com\/avatar\/219302c3536a7a6e99ac65aa6aaa3c19d48be6cdc0e9b7cade08e8b2af212d4f?s=96&d=mm&r=g","url":"https:\/\/secure.gravatar.com\/avatar\/219302c3536a7a6e99ac65aa6aaa3c19d48be6cdc0e9b7cade08e8b2af212d4f?s=96&d=mm&r=g","contentUrl":"https:\/\/secure.gravatar.com\/avatar\/219302c3536a7a6e99ac65aa6aaa3c19d48be6cdc0e9b7cade08e8b2af212d4f?s=96&d=mm&r=g","caption":"Jerneja Domej"},"sameAs":["http:\/\/www.jadek-pensa.si\/"]}]}},"_links":{"self":[{"href":"https:\/\/www.jadek-pensa.si\/de\/wp-json\/wp\/v2\/posts\/4530","targetHints":{"allow":["GET"]}}],"collection":[{"href":"https:\/\/www.jadek-pensa.si\/de\/wp-json\/wp\/v2\/posts"}],"about":[{"href":"https:\/\/www.jadek-pensa.si\/de\/wp-json\/wp\/v2\/types\/post"}],"author":[{"embeddable":true,"href":"https:\/\/www.jadek-pensa.si\/de\/wp-json\/wp\/v2\/users\/6"}],"replies":[{"embeddable":true,"href":"https:\/\/www.jadek-pensa.si\/de\/wp-json\/wp\/v2\/comments?post=4530"}],"version-history":[{"count":0,"href":"https:\/\/www.jadek-pensa.si\/de\/wp-json\/wp\/v2\/posts\/4530\/revisions"}],"wp:attachment":[{"href":"https:\/\/www.jadek-pensa.si\/de\/wp-json\/wp\/v2\/media?parent=4530"}],"wp:term":[{"taxonomy":"category","embeddable":true,"href":"https:\/\/www.jadek-pensa.si\/de\/wp-json\/wp\/v2\/categories?post=4530"},{"taxonomy":"post_tag","embeddable":true,"href":"https:\/\/www.jadek-pensa.si\/de\/wp-json\/wp\/v2\/tags?post=4530"}],"curies":[{"name":"wp","href":"https:\/\/api.w.org\/{rel}","templated":true}]}}