{"id":7609,"date":"2022-01-25T17:38:57","date_gmt":"2022-01-25T17:38:57","guid":{"rendered":"https:\/\/www.jadek-pensa.si\/?p=7609"},"modified":"2022-02-15T09:21:23","modified_gmt":"2022-02-15T09:21:23","slug":"7609","status":"publish","type":"post","link":"https:\/\/www.jadek-pensa.si\/de\/7609\/","title":{"rendered":"Bef\u00f6rderungen"},"content":{"rendered":"<p><a href=\"\/?p=2072\">Janja Zaplotnik<\/a> ist eine etablierte Anw\u00e4ltin, insbesondere auf dem Gebiet des Wettbewerbsrechts, der staatlichen Beihilfen und der Einhaltung der Wettbewerbsregeln durch Unternehmen, der Vertretung in Verfahren vor Wettbewerbsbeh\u00f6rden und Gerichten sowie der wettbewerbsrechtlichen Aspekte von Fusionen und \u00dcbernahmen. Sie erwarb ihren LL.M. am King&#8217;s College London im Jahr 2012. Sie begann ihre juristische Karriere 2012 bei Jadek &amp; Pensa als Rechtsanwaltsanw\u00e4rterin.<\/p>\n<p><a href=\"\/?p=4734\">Daniela Sindi\u010di\u010d<\/a> ist Anw\u00e4ltin in der Abteilung f\u00fcr Streitbeilegung. Sie verf\u00fcgt \u00fcber langj\u00e4hrige Erfahrung und Referenzen im Bereich der Beilegung von Handelsstreitigkeiten in fast allen Bereichen, die sie w\u00e4hrend ihrer Laufbahn in der Handelsabteilung des Obersten Gerichtshofs der Republik Slowenien und des Obergerichts von Ljubljana sammelte. Diese Erfahrung baute sie w\u00e4hrend ihrer langj\u00e4hrigen T\u00e4tigkeit als Rechtsanw\u00e4ltin weiter aus. Bei Jadek &amp; Pensa konzentriert sich Daniela auf die Beilegung von Streitigkeiten in den Bereichen Bau-, Immobilien- und Unternehmensstreitigkeiten. Daniela ist stets bestrebt, konstruktive L\u00f6sungen f\u00fcr ihre Mandanten zu finden, wobei sie auch eine erfolgreiche Verhandlungspraxis hat.<\/p>\n<p><a href=\"\/?p=2076\">Alja\u017e Jadek<\/a> ist Rechtsanwalt bei Jadek &amp; Pensa und hat sich auf die zukunftsorientierten Bereiche IT, Krypto und Blockchain spezialisiert. Er ber\u00e4t auch in anderen Bereichen wie Gesellschaftsrecht, Liquidationen, Immobilien, Geldw\u00e4schepr\u00e4vention usw. Insbesondere hilft Alja\u017e seinen Mandanten, IT-L\u00f6sungen rechtlich korrekt zu nutzen, nimmt als Referent an Kryptow\u00e4hrungs- und Blockchain-Veranstaltungen teil und ist ein anerkannter Experte f\u00fcr die Vertretung von Gr\u00fcndern und Investoren in der Kryptowelt. Er ist Mitglied des Blockchain Think Tank Slowenien und der AmCham Blockchain Slowenien. Er begann seine juristische Karriere 2010 bei Jadek &amp; Pensa.<\/p>\n","protected":false},"excerpt":{"rendered":"<p>Wir freuen uns, Ihnen mitteilen zu k\u00f6nnen, dass unsere Kollegin Janja Zaplotnik am 1. Januar 2022 zur Eigenkapitalpartnerin in der Anwaltsk&#8230;<\/p>\n","protected":false},"author":6,"featured_media":0,"comment_status":"closed","ping_status":"closed","sticky":false,"template":"","format":"standard","meta":{"_acf_changed":false,"footnotes":""},"categories":[60],"tags":[61],"class_list":["post-7609","post","type-post","status-publish","format-standard","hentry","category-nachrichten","tag-nachrichten"],"acf":[],"yoast_head":"<!-- This site is optimized with the Yoast SEO plugin v27.4 - https:\/\/yoast.com\/product\/yoast-seo-wordpress\/ -->\n<title>Bef\u00f6rderungen - Jadek &amp; Pensa<\/title>\n<meta name=\"robots\" content=\"index, follow, max-snippet:-1, max-image-preview:large, max-video-preview:-1\" \/>\n<link rel=\"canonical\" href=\"https:\/\/www.jadek-pensa.si\/de\/7609\/\" \/>\n<meta property=\"og:locale\" content=\"de_DE\" \/>\n<meta property=\"og:type\" content=\"article\" \/>\n<meta property=\"og:title\" content=\"Bef\u00f6rderungen - Jadek &amp; Pensa\" \/>\n<meta property=\"og:description\" content=\"Wir freuen uns, Ihnen mitteilen zu k\u00f6nnen, dass unsere Kollegin Janja Zaplotnik am 1. Januar 2022 zur Eigenkapitalpartnerin in der Anwaltsk...\" \/>\n<meta property=\"og:url\" content=\"https:\/\/www.jadek-pensa.si\/de\/7609\/\" \/>\n<meta property=\"og:site_name\" content=\"Jadek &amp; Pensa\" \/>\n<meta property=\"article:published_time\" content=\"2022-01-25T17:38:57+00:00\" \/>\n<meta property=\"article:modified_time\" content=\"2022-02-15T09:21:23+00:00\" \/>\n<meta property=\"og:image\" content=\"https:\/\/www.jadek-pensa.si\/wp-content\/uploads\/2024\/12\/social-image-scaled.jpg\" \/>\n\t<meta property=\"og:image:width\" content=\"2560\" \/>\n\t<meta property=\"og:image:height\" content=\"1440\" \/>\n\t<meta property=\"og:image:type\" content=\"image\/jpeg\" \/>\n<meta name=\"author\" content=\"Jerneja Domej\" \/>\n<meta name=\"twitter:card\" content=\"summary_large_image\" \/>\n<meta name=\"twitter:label1\" content=\"Verfasst von\" \/>\n\t<meta name=\"twitter:data1\" content=\"Jerneja Domej\" \/>\n\t<meta name=\"twitter:label2\" content=\"Gesch\u00e4tzte Lesezeit\" \/>\n\t<meta name=\"twitter:data2\" content=\"2\u00a0Minuten\" \/>\n<script type=\"application\/ld+json\" class=\"yoast-schema-graph\">{\"@context\":\"https:\\\/\\\/schema.org\",\"@graph\":[{\"@type\":\"Article\",\"@id\":\"https:\\\/\\\/www.jadek-pensa.si\\\/de\\\/7609\\\/#article\",\"isPartOf\":{\"@id\":\"https:\\\/\\\/www.jadek-pensa.si\\\/de\\\/7609\\\/\"},\"author\":{\"name\":\"Jerneja Domej\",\"@id\":\"https:\\\/\\\/www.jadek-pensa.si\\\/de\\\/#\\\/schema\\\/person\\\/8a8f40dfae5e9085d6d3495ebff57924\"},\"headline\":\"Bef\u00f6rderungen\",\"datePublished\":\"2022-01-25T17:38:57+00:00\",\"dateModified\":\"2022-02-15T09:21:23+00:00\",\"mainEntityOfPage\":{\"@id\":\"https:\\\/\\\/www.jadek-pensa.si\\\/de\\\/7609\\\/\"},\"wordCount\":267,\"keywords\":[\"Nachrichten\"],\"articleSection\":[\"Nachrichten\"],\"inLanguage\":\"de\"},{\"@type\":\"WebPage\",\"@id\":\"https:\\\/\\\/www.jadek-pensa.si\\\/de\\\/7609\\\/\",\"url\":\"https:\\\/\\\/www.jadek-pensa.si\\\/de\\\/7609\\\/\",\"name\":\"Bef\u00f6rderungen - Jadek &amp; Pensa\",\"isPartOf\":{\"@id\":\"https:\\\/\\\/www.jadek-pensa.si\\\/de\\\/#website\"},\"datePublished\":\"2022-01-25T17:38:57+00:00\",\"dateModified\":\"2022-02-15T09:21:23+00:00\",\"author\":{\"@id\":\"https:\\\/\\\/www.jadek-pensa.si\\\/de\\\/#\\\/schema\\\/person\\\/8a8f40dfae5e9085d6d3495ebff57924\"},\"breadcrumb\":{\"@id\":\"https:\\\/\\\/www.jadek-pensa.si\\\/de\\\/7609\\\/#breadcrumb\"},\"inLanguage\":\"de\",\"potentialAction\":[{\"@type\":\"ReadAction\",\"target\":[\"https:\\\/\\\/www.jadek-pensa.si\\\/de\\\/7609\\\/\"]}]},{\"@type\":\"BreadcrumbList\",\"@id\":\"https:\\\/\\\/www.jadek-pensa.si\\\/de\\\/7609\\\/#breadcrumb\",\"itemListElement\":[{\"@type\":\"ListItem\",\"position\":1,\"name\":\"Home\",\"item\":\"https:\\\/\\\/www.jadek-pensa.si\\\/de\\\/\"},{\"@type\":\"ListItem\",\"position\":2,\"name\":\"Bef\u00f6rderungen\"}]},{\"@type\":\"WebSite\",\"@id\":\"https:\\\/\\\/www.jadek-pensa.si\\\/de\\\/#website\",\"url\":\"https:\\\/\\\/www.jadek-pensa.si\\\/de\\\/\",\"name\":\"Jadek &amp; Pensa\",\"description\":\"\",\"potentialAction\":[{\"@type\":\"SearchAction\",\"target\":{\"@type\":\"EntryPoint\",\"urlTemplate\":\"https:\\\/\\\/www.jadek-pensa.si\\\/de\\\/?s={search_term_string}\"},\"query-input\":{\"@type\":\"PropertyValueSpecification\",\"valueRequired\":true,\"valueName\":\"search_term_string\"}}],\"inLanguage\":\"de\"},{\"@type\":\"Person\",\"@id\":\"https:\\\/\\\/www.jadek-pensa.si\\\/de\\\/#\\\/schema\\\/person\\\/8a8f40dfae5e9085d6d3495ebff57924\",\"name\":\"Jerneja Domej\",\"image\":{\"@type\":\"ImageObject\",\"inLanguage\":\"de\",\"@id\":\"https:\\\/\\\/secure.gravatar.com\\\/avatar\\\/219302c3536a7a6e99ac65aa6aaa3c19d48be6cdc0e9b7cade08e8b2af212d4f?s=96&d=mm&r=g\",\"url\":\"https:\\\/\\\/secure.gravatar.com\\\/avatar\\\/219302c3536a7a6e99ac65aa6aaa3c19d48be6cdc0e9b7cade08e8b2af212d4f?s=96&d=mm&r=g\",\"contentUrl\":\"https:\\\/\\\/secure.gravatar.com\\\/avatar\\\/219302c3536a7a6e99ac65aa6aaa3c19d48be6cdc0e9b7cade08e8b2af212d4f?s=96&d=mm&r=g\",\"caption\":\"Jerneja Domej\"},\"sameAs\":[\"http:\\\/\\\/www.jadek-pensa.si\\\/\"]}]}<\/script>\n<!-- \/ Yoast SEO plugin. -->","yoast_head_json":{"title":"Bef\u00f6rderungen - Jadek &amp; Pensa","robots":{"index":"index","follow":"follow","max-snippet":"max-snippet:-1","max-image-preview":"max-image-preview:large","max-video-preview":"max-video-preview:-1"},"canonical":"https:\/\/www.jadek-pensa.si\/de\/7609\/","og_locale":"de_DE","og_type":"article","og_title":"Bef\u00f6rderungen - Jadek &amp; Pensa","og_description":"Wir freuen uns, Ihnen mitteilen zu k\u00f6nnen, dass unsere Kollegin Janja Zaplotnik am 1. Januar 2022 zur Eigenkapitalpartnerin in der Anwaltsk...","og_url":"https:\/\/www.jadek-pensa.si\/de\/7609\/","og_site_name":"Jadek &amp; Pensa","article_published_time":"2022-01-25T17:38:57+00:00","article_modified_time":"2022-02-15T09:21:23+00:00","og_image":[{"width":2560,"height":1440,"url":"https:\/\/www.jadek-pensa.si\/wp-content\/uploads\/2024\/12\/social-image-scaled.jpg","type":"image\/jpeg"}],"author":"Jerneja Domej","twitter_card":"summary_large_image","twitter_misc":{"Verfasst von":"Jerneja Domej","Gesch\u00e4tzte Lesezeit":"2\u00a0Minuten"},"schema":{"@context":"https:\/\/schema.org","@graph":[{"@type":"Article","@id":"https:\/\/www.jadek-pensa.si\/de\/7609\/#article","isPartOf":{"@id":"https:\/\/www.jadek-pensa.si\/de\/7609\/"},"author":{"name":"Jerneja Domej","@id":"https:\/\/www.jadek-pensa.si\/de\/#\/schema\/person\/8a8f40dfae5e9085d6d3495ebff57924"},"headline":"Bef\u00f6rderungen","datePublished":"2022-01-25T17:38:57+00:00","dateModified":"2022-02-15T09:21:23+00:00","mainEntityOfPage":{"@id":"https:\/\/www.jadek-pensa.si\/de\/7609\/"},"wordCount":267,"keywords":["Nachrichten"],"articleSection":["Nachrichten"],"inLanguage":"de"},{"@type":"WebPage","@id":"https:\/\/www.jadek-pensa.si\/de\/7609\/","url":"https:\/\/www.jadek-pensa.si\/de\/7609\/","name":"Bef\u00f6rderungen - Jadek &amp; Pensa","isPartOf":{"@id":"https:\/\/www.jadek-pensa.si\/de\/#website"},"datePublished":"2022-01-25T17:38:57+00:00","dateModified":"2022-02-15T09:21:23+00:00","author":{"@id":"https:\/\/www.jadek-pensa.si\/de\/#\/schema\/person\/8a8f40dfae5e9085d6d3495ebff57924"},"breadcrumb":{"@id":"https:\/\/www.jadek-pensa.si\/de\/7609\/#breadcrumb"},"inLanguage":"de","potentialAction":[{"@type":"ReadAction","target":["https:\/\/www.jadek-pensa.si\/de\/7609\/"]}]},{"@type":"BreadcrumbList","@id":"https:\/\/www.jadek-pensa.si\/de\/7609\/#breadcrumb","itemListElement":[{"@type":"ListItem","position":1,"name":"Home","item":"https:\/\/www.jadek-pensa.si\/de\/"},{"@type":"ListItem","position":2,"name":"Bef\u00f6rderungen"}]},{"@type":"WebSite","@id":"https:\/\/www.jadek-pensa.si\/de\/#website","url":"https:\/\/www.jadek-pensa.si\/de\/","name":"Jadek &amp; Pensa","description":"","potentialAction":[{"@type":"SearchAction","target":{"@type":"EntryPoint","urlTemplate":"https:\/\/www.jadek-pensa.si\/de\/?s={search_term_string}"},"query-input":{"@type":"PropertyValueSpecification","valueRequired":true,"valueName":"search_term_string"}}],"inLanguage":"de"},{"@type":"Person","@id":"https:\/\/www.jadek-pensa.si\/de\/#\/schema\/person\/8a8f40dfae5e9085d6d3495ebff57924","name":"Jerneja Domej","image":{"@type":"ImageObject","inLanguage":"de","@id":"https:\/\/secure.gravatar.com\/avatar\/219302c3536a7a6e99ac65aa6aaa3c19d48be6cdc0e9b7cade08e8b2af212d4f?s=96&d=mm&r=g","url":"https:\/\/secure.gravatar.com\/avatar\/219302c3536a7a6e99ac65aa6aaa3c19d48be6cdc0e9b7cade08e8b2af212d4f?s=96&d=mm&r=g","contentUrl":"https:\/\/secure.gravatar.com\/avatar\/219302c3536a7a6e99ac65aa6aaa3c19d48be6cdc0e9b7cade08e8b2af212d4f?s=96&d=mm&r=g","caption":"Jerneja Domej"},"sameAs":["http:\/\/www.jadek-pensa.si\/"]}]}},"_links":{"self":[{"href":"https:\/\/www.jadek-pensa.si\/de\/wp-json\/wp\/v2\/posts\/7609","targetHints":{"allow":["GET"]}}],"collection":[{"href":"https:\/\/www.jadek-pensa.si\/de\/wp-json\/wp\/v2\/posts"}],"about":[{"href":"https:\/\/www.jadek-pensa.si\/de\/wp-json\/wp\/v2\/types\/post"}],"author":[{"embeddable":true,"href":"https:\/\/www.jadek-pensa.si\/de\/wp-json\/wp\/v2\/users\/6"}],"replies":[{"embeddable":true,"href":"https:\/\/www.jadek-pensa.si\/de\/wp-json\/wp\/v2\/comments?post=7609"}],"version-history":[{"count":0,"href":"https:\/\/www.jadek-pensa.si\/de\/wp-json\/wp\/v2\/posts\/7609\/revisions"}],"wp:attachment":[{"href":"https:\/\/www.jadek-pensa.si\/de\/wp-json\/wp\/v2\/media?parent=7609"}],"wp:term":[{"taxonomy":"category","embeddable":true,"href":"https:\/\/www.jadek-pensa.si\/de\/wp-json\/wp\/v2\/categories?post=7609"},{"taxonomy":"post_tag","embeddable":true,"href":"https:\/\/www.jadek-pensa.si\/de\/wp-json\/wp\/v2\/tags?post=7609"}],"curies":[{"name":"wp","href":"https:\/\/api.w.org\/{rel}","templated":true}]}}