{"id":7773,"date":"2022-03-11T12:42:38","date_gmt":"2022-03-11T12:42:38","guid":{"rendered":"https:\/\/www.jadek-pensa.si\/?p=7773"},"modified":"2022-03-16T12:10:27","modified_gmt":"2022-03-16T12:10:27","slug":"gewinner-des-jadek-pensa-vis-pre-moot-2022","status":"publish","type":"post","link":"https:\/\/www.jadek-pensa.si\/de\/gewinner-des-jadek-pensa-vis-pre-moot-2022\/","title":{"rendered":"Gewinner des Jadek &#038; Pensa Vis Pre-Moot 2022"},"content":{"rendered":"<p>Wir haben Teams der Juristischen Fakult\u00e4t der Universit\u00e4t Ljubljana und der Juristischen Fakult\u00e4t der Universit\u00e4t Maribor eingeladen. Dies ist eine gro\u00dfartige Gelegenheit f\u00fcr Studenten, ihre rhetorischen F\u00e4higkeiten zu \u00fcben, sich mit internationalem Handelsrecht und Schiedsgerichtsbarkeit zu befassen und eine praktische Ausbildung in der Beilegung internationaler Wirtschaftsstreitigkeiten zu erhalten. Der Pre-Moot erm\u00f6glicht es den Teams, die am Vis Moot teilnehmen, verschiedene Teamkombinationen auszuprobieren und ihre Argumente f\u00fcr das Vis Moot Problem zu verfeinern.<\/p>\n<p>Die Universit\u00e4t von Ljubljana gewann den Pre-Moot Wettbewerb. Mitja Podpe\u010dan, der die Rolle des Schiedsrichters \u00fcbernahm, sagte \u00fcber den Wettbewerb: \u201e<em>Herzlichen Gl\u00fcckwunsch an die Universit\u00e4t Ljubljana. Wir hatten eine sehr schwierige Aufgabe, den endg\u00fcltigen Gewinner zu bestimmen, da beide Teams ein extrem hohes Leistungsniveau zeigten<\/em>.&#8220;<\/p>\n<p>Wir m\u00f6chten uns auch bei all jenen bedanken, die gro\u00dfz\u00fcgig ihre Zeit zur Verf\u00fcgung gestellt haben, um als Schiedsrichter zu fungieren \u2013 ohne sie w\u00e4re dieser Wettbewerb nicht m\u00f6glich gewesen. Schlie\u00dflich m\u00f6chten wir uns auch bei den beiden teilnehmenden Teams bedanken. Es freut uns zu sehen, auf welch hohem Niveau ihre Argumentationsf\u00e4higkeiten gezeigt wurden, was die harte Arbeit widerspiegelt, die die Teams in ihre Vorbereitung widmeten. Wir w\u00fcnschen den Teams viel Gl\u00fcck bei dem Vis Moot Wettbewerb.<\/p>\n<p><img loading=\"lazy\" decoding=\"async\" class=\"alignnone size-full wp-image-7730\" src=\"https:\/\/www.jadek-pensa.si\/wp-content\/uploads\/2022\/03\/Vis-Pre-Moot-scaled.jpg\" alt=\"\" width=\"2560\" height=\"1440\" srcset=\"https:\/\/www.jadek-pensa.si\/wp-content\/uploads\/2022\/03\/Vis-Pre-Moot-scaled.jpg 2560w, https:\/\/www.jadek-pensa.si\/wp-content\/uploads\/2022\/03\/Vis-Pre-Moot-158x89.jpg 158w, https:\/\/www.jadek-pensa.si\/wp-content\/uploads\/2022\/03\/Vis-Pre-Moot-204x115.jpg 204w, https:\/\/www.jadek-pensa.si\/wp-content\/uploads\/2022\/03\/Vis-Pre-Moot-235x132.jpg 235w, https:\/\/www.jadek-pensa.si\/wp-content\/uploads\/2022\/03\/Vis-Pre-Moot-205x115.jpg 205w, https:\/\/www.jadek-pensa.si\/wp-content\/uploads\/2022\/03\/Vis-Pre-Moot-298x168.jpg 298w, https:\/\/www.jadek-pensa.si\/wp-content\/uploads\/2022\/03\/Vis-Pre-Moot-300x169.jpg 300w, https:\/\/www.jadek-pensa.si\/wp-content\/uploads\/2022\/03\/Vis-Pre-Moot-768x432.jpg 768w, https:\/\/www.jadek-pensa.si\/wp-content\/uploads\/2022\/03\/Vis-Pre-Moot-1024x576.jpg 1024w, https:\/\/www.jadek-pensa.si\/wp-content\/uploads\/2022\/03\/Vis-Pre-Moot-1536x864.jpg 1536w, https:\/\/www.jadek-pensa.si\/wp-content\/uploads\/2022\/03\/Vis-Pre-Moot-2048x1152.jpg 2048w, https:\/\/www.jadek-pensa.si\/wp-content\/uploads\/2022\/03\/Vis-Pre-Moot-89x50.jpg 89w, https:\/\/www.jadek-pensa.si\/wp-content\/uploads\/2022\/03\/Vis-Pre-Moot-213x120.jpg 213w, https:\/\/www.jadek-pensa.si\/wp-content\/uploads\/2022\/03\/Vis-Pre-Moot-60x34.jpg 60w, https:\/\/www.jadek-pensa.si\/wp-content\/uploads\/2022\/03\/Vis-Pre-Moot-74x42.jpg 74w, https:\/\/www.jadek-pensa.si\/wp-content\/uploads\/2022\/03\/Vis-Pre-Moot-133x75.jpg 133w, https:\/\/www.jadek-pensa.si\/wp-content\/uploads\/2022\/03\/Vis-Pre-Moot-150x84.jpg 150w, https:\/\/www.jadek-pensa.si\/wp-content\/uploads\/2022\/03\/Vis-Pre-Moot-161x91.jpg 161w, https:\/\/www.jadek-pensa.si\/wp-content\/uploads\/2022\/03\/Vis-Pre-Moot-186x105.jpg 186w, https:\/\/www.jadek-pensa.si\/wp-content\/uploads\/2022\/03\/Vis-Pre-Moot-212x119.jpg 212w, https:\/\/www.jadek-pensa.si\/wp-content\/uploads\/2022\/03\/Vis-Pre-Moot-218x123.jpg 218w, https:\/\/www.jadek-pensa.si\/wp-content\/uploads\/2022\/03\/Vis-Pre-Moot-228x128.jpg 228w, https:\/\/www.jadek-pensa.si\/wp-content\/uploads\/2022\/03\/Vis-Pre-Moot-240x135.jpg 240w, https:\/\/www.jadek-pensa.si\/wp-content\/uploads\/2022\/03\/Vis-Pre-Moot-259x146.jpg 259w, https:\/\/www.jadek-pensa.si\/wp-content\/uploads\/2022\/03\/Vis-Pre-Moot-274x154.jpg 274w, https:\/\/www.jadek-pensa.si\/wp-content\/uploads\/2022\/03\/Vis-Pre-Moot-280x158.jpg 280w, https:\/\/www.jadek-pensa.si\/wp-content\/uploads\/2022\/03\/Vis-Pre-Moot-289x163.jpg 289w, https:\/\/www.jadek-pensa.si\/wp-content\/uploads\/2022\/03\/Vis-Pre-Moot-315x177.jpg 315w, https:\/\/www.jadek-pensa.si\/wp-content\/uploads\/2022\/03\/Vis-Pre-Moot-320x180.jpg 320w, https:\/\/www.jadek-pensa.si\/wp-content\/uploads\/2022\/03\/Vis-Pre-Moot-327x184.jpg 327w, https:\/\/www.jadek-pensa.si\/wp-content\/uploads\/2022\/03\/Vis-Pre-Moot-335x188.jpg 335w, https:\/\/www.jadek-pensa.si\/wp-content\/uploads\/2022\/03\/Vis-Pre-Moot-345x194.jpg 345w, https:\/\/www.jadek-pensa.si\/wp-content\/uploads\/2022\/03\/Vis-Pre-Moot-356x200.jpg 356w, https:\/\/www.jadek-pensa.si\/wp-content\/uploads\/2022\/03\/Vis-Pre-Moot-375x211.jpg 375w, https:\/\/www.jadek-pensa.si\/wp-content\/uploads\/2022\/03\/Vis-Pre-Moot-385x217.jpg 385w, https:\/\/www.jadek-pensa.si\/wp-content\/uploads\/2022\/03\/Vis-Pre-Moot-394x222.jpg 394w, https:\/\/www.jadek-pensa.si\/wp-content\/uploads\/2022\/03\/Vis-Pre-Moot-414x233.jpg 414w, https:\/\/www.jadek-pensa.si\/wp-content\/uploads\/2022\/03\/Vis-Pre-Moot-425x239.jpg 425w, https:\/\/www.jadek-pensa.si\/wp-content\/uploads\/2022\/03\/Vis-Pre-Moot-460x259.jpg 460w, https:\/\/www.jadek-pensa.si\/wp-content\/uploads\/2022\/03\/Vis-Pre-Moot-502x282.jpg 502w, https:\/\/www.jadek-pensa.si\/wp-content\/uploads\/2022\/03\/Vis-Pre-Moot-580x326.jpg 580w, https:\/\/www.jadek-pensa.si\/wp-content\/uploads\/2022\/03\/Vis-Pre-Moot-696x392.jpg 696w, https:\/\/www.jadek-pensa.si\/wp-content\/uploads\/2022\/03\/Vis-Pre-Moot-736x414.jpg 736w, https:\/\/www.jadek-pensa.si\/wp-content\/uploads\/2022\/03\/Vis-Pre-Moot-1312x738.jpg 1312w\" sizes=\"auto, (max-width: 2560px) 100vw, 2560px\" \/><\/p>\n<p><img loading=\"lazy\" decoding=\"async\" class=\"alignnone size-full wp-image-7726\" src=\"https:\/\/www.jadek-pensa.si\/wp-content\/uploads\/2022\/03\/Vis-Pre-Moot-1-scaled.jpg\" alt=\"\" width=\"2560\" height=\"1440\" srcset=\"https:\/\/www.jadek-pensa.si\/wp-content\/uploads\/2022\/03\/Vis-Pre-Moot-1-scaled.jpg 2560w, https:\/\/www.jadek-pensa.si\/wp-content\/uploads\/2022\/03\/Vis-Pre-Moot-1-158x89.jpg 158w, https:\/\/www.jadek-pensa.si\/wp-content\/uploads\/2022\/03\/Vis-Pre-Moot-1-204x115.jpg 204w, https:\/\/www.jadek-pensa.si\/wp-content\/uploads\/2022\/03\/Vis-Pre-Moot-1-235x132.jpg 235w, https:\/\/www.jadek-pensa.si\/wp-content\/uploads\/2022\/03\/Vis-Pre-Moot-1-205x115.jpg 205w, https:\/\/www.jadek-pensa.si\/wp-content\/uploads\/2022\/03\/Vis-Pre-Moot-1-298x168.jpg 298w, https:\/\/www.jadek-pensa.si\/wp-content\/uploads\/2022\/03\/Vis-Pre-Moot-1-300x169.jpg 300w, https:\/\/www.jadek-pensa.si\/wp-content\/uploads\/2022\/03\/Vis-Pre-Moot-1-768x432.jpg 768w, https:\/\/www.jadek-pensa.si\/wp-content\/uploads\/2022\/03\/Vis-Pre-Moot-1-1024x576.jpg 1024w, https:\/\/www.jadek-pensa.si\/wp-content\/uploads\/2022\/03\/Vis-Pre-Moot-1-1536x864.jpg 1536w, https:\/\/www.jadek-pensa.si\/wp-content\/uploads\/2022\/03\/Vis-Pre-Moot-1-2048x1152.jpg 2048w, https:\/\/www.jadek-pensa.si\/wp-content\/uploads\/2022\/03\/Vis-Pre-Moot-1-89x50.jpg 89w, https:\/\/www.jadek-pensa.si\/wp-content\/uploads\/2022\/03\/Vis-Pre-Moot-1-213x120.jpg 213w, https:\/\/www.jadek-pensa.si\/wp-content\/uploads\/2022\/03\/Vis-Pre-Moot-1-60x34.jpg 60w, https:\/\/www.jadek-pensa.si\/wp-content\/uploads\/2022\/03\/Vis-Pre-Moot-1-74x42.jpg 74w, https:\/\/www.jadek-pensa.si\/wp-content\/uploads\/2022\/03\/Vis-Pre-Moot-1-133x75.jpg 133w, https:\/\/www.jadek-pensa.si\/wp-content\/uploads\/2022\/03\/Vis-Pre-Moot-1-150x84.jpg 150w, https:\/\/www.jadek-pensa.si\/wp-content\/uploads\/2022\/03\/Vis-Pre-Moot-1-161x91.jpg 161w, https:\/\/www.jadek-pensa.si\/wp-content\/uploads\/2022\/03\/Vis-Pre-Moot-1-186x105.jpg 186w, https:\/\/www.jadek-pensa.si\/wp-content\/uploads\/2022\/03\/Vis-Pre-Moot-1-212x119.jpg 212w, https:\/\/www.jadek-pensa.si\/wp-content\/uploads\/2022\/03\/Vis-Pre-Moot-1-218x123.jpg 218w, https:\/\/www.jadek-pensa.si\/wp-content\/uploads\/2022\/03\/Vis-Pre-Moot-1-228x128.jpg 228w, https:\/\/www.jadek-pensa.si\/wp-content\/uploads\/2022\/03\/Vis-Pre-Moot-1-240x135.jpg 240w, https:\/\/www.jadek-pensa.si\/wp-content\/uploads\/2022\/03\/Vis-Pre-Moot-1-259x146.jpg 259w, https:\/\/www.jadek-pensa.si\/wp-content\/uploads\/2022\/03\/Vis-Pre-Moot-1-274x154.jpg 274w, https:\/\/www.jadek-pensa.si\/wp-content\/uploads\/2022\/03\/Vis-Pre-Moot-1-280x158.jpg 280w, https:\/\/www.jadek-pensa.si\/wp-content\/uploads\/2022\/03\/Vis-Pre-Moot-1-289x163.jpg 289w, https:\/\/www.jadek-pensa.si\/wp-content\/uploads\/2022\/03\/Vis-Pre-Moot-1-315x177.jpg 315w, https:\/\/www.jadek-pensa.si\/wp-content\/uploads\/2022\/03\/Vis-Pre-Moot-1-320x180.jpg 320w, https:\/\/www.jadek-pensa.si\/wp-content\/uploads\/2022\/03\/Vis-Pre-Moot-1-327x184.jpg 327w, https:\/\/www.jadek-pensa.si\/wp-content\/uploads\/2022\/03\/Vis-Pre-Moot-1-335x188.jpg 335w, https:\/\/www.jadek-pensa.si\/wp-content\/uploads\/2022\/03\/Vis-Pre-Moot-1-345x194.jpg 345w, https:\/\/www.jadek-pensa.si\/wp-content\/uploads\/2022\/03\/Vis-Pre-Moot-1-356x200.jpg 356w, https:\/\/www.jadek-pensa.si\/wp-content\/uploads\/2022\/03\/Vis-Pre-Moot-1-375x211.jpg 375w, https:\/\/www.jadek-pensa.si\/wp-content\/uploads\/2022\/03\/Vis-Pre-Moot-1-385x217.jpg 385w, https:\/\/www.jadek-pensa.si\/wp-content\/uploads\/2022\/03\/Vis-Pre-Moot-1-394x222.jpg 394w, https:\/\/www.jadek-pensa.si\/wp-content\/uploads\/2022\/03\/Vis-Pre-Moot-1-414x233.jpg 414w, https:\/\/www.jadek-pensa.si\/wp-content\/uploads\/2022\/03\/Vis-Pre-Moot-1-425x239.jpg 425w, https:\/\/www.jadek-pensa.si\/wp-content\/uploads\/2022\/03\/Vis-Pre-Moot-1-460x259.jpg 460w, https:\/\/www.jadek-pensa.si\/wp-content\/uploads\/2022\/03\/Vis-Pre-Moot-1-502x282.jpg 502w, https:\/\/www.jadek-pensa.si\/wp-content\/uploads\/2022\/03\/Vis-Pre-Moot-1-580x326.jpg 580w, https:\/\/www.jadek-pensa.si\/wp-content\/uploads\/2022\/03\/Vis-Pre-Moot-1-696x392.jpg 696w, https:\/\/www.jadek-pensa.si\/wp-content\/uploads\/2022\/03\/Vis-Pre-Moot-1-736x414.jpg 736w, https:\/\/www.jadek-pensa.si\/wp-content\/uploads\/2022\/03\/Vis-Pre-Moot-1-1312x738.jpg 1312w\" sizes=\"auto, (max-width: 2560px) 100vw, 2560px\" \/><\/p>\n<p><img loading=\"lazy\" decoding=\"async\" class=\"alignnone size-full wp-image-7722\" src=\"https:\/\/www.jadek-pensa.si\/wp-content\/uploads\/2022\/03\/Vis-Pre-Moot-2-scaled.jpg\" alt=\"\" width=\"2560\" height=\"1440\" srcset=\"https:\/\/www.jadek-pensa.si\/wp-content\/uploads\/2022\/03\/Vis-Pre-Moot-2-scaled.jpg 2560w, https:\/\/www.jadek-pensa.si\/wp-content\/uploads\/2022\/03\/Vis-Pre-Moot-2-158x89.jpg 158w, https:\/\/www.jadek-pensa.si\/wp-content\/uploads\/2022\/03\/Vis-Pre-Moot-2-204x115.jpg 204w, https:\/\/www.jadek-pensa.si\/wp-content\/uploads\/2022\/03\/Vis-Pre-Moot-2-235x132.jpg 235w, https:\/\/www.jadek-pensa.si\/wp-content\/uploads\/2022\/03\/Vis-Pre-Moot-2-205x115.jpg 205w, https:\/\/www.jadek-pensa.si\/wp-content\/uploads\/2022\/03\/Vis-Pre-Moot-2-298x168.jpg 298w, https:\/\/www.jadek-pensa.si\/wp-content\/uploads\/2022\/03\/Vis-Pre-Moot-2-300x169.jpg 300w, https:\/\/www.jadek-pensa.si\/wp-content\/uploads\/2022\/03\/Vis-Pre-Moot-2-768x432.jpg 768w, https:\/\/www.jadek-pensa.si\/wp-content\/uploads\/2022\/03\/Vis-Pre-Moot-2-1024x576.jpg 1024w, https:\/\/www.jadek-pensa.si\/wp-content\/uploads\/2022\/03\/Vis-Pre-Moot-2-1536x864.jpg 1536w, https:\/\/www.jadek-pensa.si\/wp-content\/uploads\/2022\/03\/Vis-Pre-Moot-2-2048x1152.jpg 2048w, https:\/\/www.jadek-pensa.si\/wp-content\/uploads\/2022\/03\/Vis-Pre-Moot-2-89x50.jpg 89w, https:\/\/www.jadek-pensa.si\/wp-content\/uploads\/2022\/03\/Vis-Pre-Moot-2-213x120.jpg 213w, https:\/\/www.jadek-pensa.si\/wp-content\/uploads\/2022\/03\/Vis-Pre-Moot-2-60x34.jpg 60w, https:\/\/www.jadek-pensa.si\/wp-content\/uploads\/2022\/03\/Vis-Pre-Moot-2-74x42.jpg 74w, https:\/\/www.jadek-pensa.si\/wp-content\/uploads\/2022\/03\/Vis-Pre-Moot-2-133x75.jpg 133w, https:\/\/www.jadek-pensa.si\/wp-content\/uploads\/2022\/03\/Vis-Pre-Moot-2-150x84.jpg 150w, https:\/\/www.jadek-pensa.si\/wp-content\/uploads\/2022\/03\/Vis-Pre-Moot-2-161x91.jpg 161w, https:\/\/www.jadek-pensa.si\/wp-content\/uploads\/2022\/03\/Vis-Pre-Moot-2-186x105.jpg 186w, https:\/\/www.jadek-pensa.si\/wp-content\/uploads\/2022\/03\/Vis-Pre-Moot-2-212x119.jpg 212w, https:\/\/www.jadek-pensa.si\/wp-content\/uploads\/2022\/03\/Vis-Pre-Moot-2-218x123.jpg 218w, https:\/\/www.jadek-pensa.si\/wp-content\/uploads\/2022\/03\/Vis-Pre-Moot-2-228x128.jpg 228w, https:\/\/www.jadek-pensa.si\/wp-content\/uploads\/2022\/03\/Vis-Pre-Moot-2-240x135.jpg 240w, https:\/\/www.jadek-pensa.si\/wp-content\/uploads\/2022\/03\/Vis-Pre-Moot-2-259x146.jpg 259w, https:\/\/www.jadek-pensa.si\/wp-content\/uploads\/2022\/03\/Vis-Pre-Moot-2-274x154.jpg 274w, https:\/\/www.jadek-pensa.si\/wp-content\/uploads\/2022\/03\/Vis-Pre-Moot-2-280x158.jpg 280w, https:\/\/www.jadek-pensa.si\/wp-content\/uploads\/2022\/03\/Vis-Pre-Moot-2-289x163.jpg 289w, https:\/\/www.jadek-pensa.si\/wp-content\/uploads\/2022\/03\/Vis-Pre-Moot-2-315x177.jpg 315w, https:\/\/www.jadek-pensa.si\/wp-content\/uploads\/2022\/03\/Vis-Pre-Moot-2-320x180.jpg 320w, https:\/\/www.jadek-pensa.si\/wp-content\/uploads\/2022\/03\/Vis-Pre-Moot-2-327x184.jpg 327w, https:\/\/www.jadek-pensa.si\/wp-content\/uploads\/2022\/03\/Vis-Pre-Moot-2-335x188.jpg 335w, https:\/\/www.jadek-pensa.si\/wp-content\/uploads\/2022\/03\/Vis-Pre-Moot-2-345x194.jpg 345w, https:\/\/www.jadek-pensa.si\/wp-content\/uploads\/2022\/03\/Vis-Pre-Moot-2-356x200.jpg 356w, https:\/\/www.jadek-pensa.si\/wp-content\/uploads\/2022\/03\/Vis-Pre-Moot-2-375x211.jpg 375w, https:\/\/www.jadek-pensa.si\/wp-content\/uploads\/2022\/03\/Vis-Pre-Moot-2-385x217.jpg 385w, https:\/\/www.jadek-pensa.si\/wp-content\/uploads\/2022\/03\/Vis-Pre-Moot-2-394x222.jpg 394w, https:\/\/www.jadek-pensa.si\/wp-content\/uploads\/2022\/03\/Vis-Pre-Moot-2-414x233.jpg 414w, https:\/\/www.jadek-pensa.si\/wp-content\/uploads\/2022\/03\/Vis-Pre-Moot-2-425x239.jpg 425w, https:\/\/www.jadek-pensa.si\/wp-content\/uploads\/2022\/03\/Vis-Pre-Moot-2-460x259.jpg 460w, https:\/\/www.jadek-pensa.si\/wp-content\/uploads\/2022\/03\/Vis-Pre-Moot-2-502x282.jpg 502w, https:\/\/www.jadek-pensa.si\/wp-content\/uploads\/2022\/03\/Vis-Pre-Moot-2-580x326.jpg 580w, https:\/\/www.jadek-pensa.si\/wp-content\/uploads\/2022\/03\/Vis-Pre-Moot-2-696x392.jpg 696w, https:\/\/www.jadek-pensa.si\/wp-content\/uploads\/2022\/03\/Vis-Pre-Moot-2-736x414.jpg 736w, https:\/\/www.jadek-pensa.si\/wp-content\/uploads\/2022\/03\/Vis-Pre-Moot-2-1312x738.jpg 1312w\" sizes=\"auto, (max-width: 2560px) 100vw, 2560px\" \/><\/p>\n","protected":false},"excerpt":{"rendered":"<p>Am 10. M\u00e4rz 2022 organisierte die Anwaltskanzlei Jadek &#038; Pensa zum ersten Mal den Pre-Moot Wettbewerb, der als Vorbereitung auf den weltwei&#8230;<\/p>\n","protected":false},"author":6,"featured_media":0,"comment_status":"closed","ping_status":"closed","sticky":false,"template":"","format":"standard","meta":{"_acf_changed":false,"footnotes":""},"categories":[62,60],"tags":[63],"class_list":["post-7773","post","type-post","status-publish","format-standard","hentry","category-karriere-im-recht","category-nachrichten","tag-karriere-im-recht"],"acf":[],"yoast_head":"<!-- This site is optimized with the Yoast SEO plugin v27.4 - https:\/\/yoast.com\/product\/yoast-seo-wordpress\/ -->\n<title>Gewinner des Jadek &amp; Pensa Vis Pre-Moot 2022 - Jadek &amp; Pensa<\/title>\n<meta name=\"robots\" content=\"index, follow, max-snippet:-1, max-image-preview:large, max-video-preview:-1\" \/>\n<link rel=\"canonical\" href=\"https:\/\/www.jadek-pensa.si\/de\/gewinner-des-jadek-pensa-vis-pre-moot-2022\/\" \/>\n<meta property=\"og:locale\" content=\"de_DE\" \/>\n<meta property=\"og:type\" content=\"article\" \/>\n<meta property=\"og:title\" content=\"Gewinner des Jadek &amp; Pensa Vis Pre-Moot 2022 - Jadek &amp; Pensa\" \/>\n<meta property=\"og:description\" content=\"Am 10. M\u00e4rz 2022 organisierte die Anwaltskanzlei Jadek &amp; Pensa zum ersten Mal den Pre-Moot Wettbewerb, der als Vorbereitung auf den weltwei...\" \/>\n<meta property=\"og:url\" content=\"https:\/\/www.jadek-pensa.si\/de\/gewinner-des-jadek-pensa-vis-pre-moot-2022\/\" \/>\n<meta property=\"og:site_name\" content=\"Jadek &amp; Pensa\" \/>\n<meta property=\"article:published_time\" content=\"2022-03-11T12:42:38+00:00\" \/>\n<meta property=\"article:modified_time\" content=\"2022-03-16T12:10:27+00:00\" \/>\n<meta property=\"og:image\" content=\"https:\/\/www.jadek-pensa.si\/wp-content\/uploads\/2022\/03\/Vis-Pre-Moot-scaled.jpg\" \/>\n<meta name=\"author\" content=\"Jerneja Domej\" \/>\n<meta name=\"twitter:card\" content=\"summary_large_image\" \/>\n<meta name=\"twitter:label1\" content=\"Verfasst von\" \/>\n\t<meta name=\"twitter:data1\" content=\"Jerneja Domej\" \/>\n\t<meta name=\"twitter:label2\" content=\"Gesch\u00e4tzte Lesezeit\" \/>\n\t<meta name=\"twitter:data2\" content=\"1\u00a0Minute\" \/>\n<script type=\"application\/ld+json\" class=\"yoast-schema-graph\">{\"@context\":\"https:\\\/\\\/schema.org\",\"@graph\":[{\"@type\":\"Article\",\"@id\":\"https:\\\/\\\/www.jadek-pensa.si\\\/de\\\/gewinner-des-jadek-pensa-vis-pre-moot-2022\\\/#article\",\"isPartOf\":{\"@id\":\"https:\\\/\\\/www.jadek-pensa.si\\\/de\\\/gewinner-des-jadek-pensa-vis-pre-moot-2022\\\/\"},\"author\":{\"name\":\"Jerneja Domej\",\"@id\":\"https:\\\/\\\/www.jadek-pensa.si\\\/de\\\/#\\\/schema\\\/person\\\/8a8f40dfae5e9085d6d3495ebff57924\"},\"headline\":\"Gewinner des Jadek &#038; Pensa Vis Pre-Moot 2022\",\"datePublished\":\"2022-03-11T12:42:38+00:00\",\"dateModified\":\"2022-03-16T12:10:27+00:00\",\"mainEntityOfPage\":{\"@id\":\"https:\\\/\\\/www.jadek-pensa.si\\\/de\\\/gewinner-des-jadek-pensa-vis-pre-moot-2022\\\/\"},\"wordCount\":224,\"image\":{\"@id\":\"https:\\\/\\\/www.jadek-pensa.si\\\/de\\\/gewinner-des-jadek-pensa-vis-pre-moot-2022\\\/#primaryimage\"},\"thumbnailUrl\":\"https:\\\/\\\/www.jadek-pensa.si\\\/wp-content\\\/uploads\\\/2022\\\/03\\\/Vis-Pre-Moot-scaled.jpg\",\"keywords\":[\"Karriere im Recht\"],\"articleSection\":[\"Karriere im Recht\",\"Nachrichten\"],\"inLanguage\":\"de\"},{\"@type\":\"WebPage\",\"@id\":\"https:\\\/\\\/www.jadek-pensa.si\\\/de\\\/gewinner-des-jadek-pensa-vis-pre-moot-2022\\\/\",\"url\":\"https:\\\/\\\/www.jadek-pensa.si\\\/de\\\/gewinner-des-jadek-pensa-vis-pre-moot-2022\\\/\",\"name\":\"Gewinner des Jadek & Pensa Vis Pre-Moot 2022 - Jadek &amp; Pensa\",\"isPartOf\":{\"@id\":\"https:\\\/\\\/www.jadek-pensa.si\\\/de\\\/#website\"},\"primaryImageOfPage\":{\"@id\":\"https:\\\/\\\/www.jadek-pensa.si\\\/de\\\/gewinner-des-jadek-pensa-vis-pre-moot-2022\\\/#primaryimage\"},\"image\":{\"@id\":\"https:\\\/\\\/www.jadek-pensa.si\\\/de\\\/gewinner-des-jadek-pensa-vis-pre-moot-2022\\\/#primaryimage\"},\"thumbnailUrl\":\"https:\\\/\\\/www.jadek-pensa.si\\\/wp-content\\\/uploads\\\/2022\\\/03\\\/Vis-Pre-Moot-scaled.jpg\",\"datePublished\":\"2022-03-11T12:42:38+00:00\",\"dateModified\":\"2022-03-16T12:10:27+00:00\",\"author\":{\"@id\":\"https:\\\/\\\/www.jadek-pensa.si\\\/de\\\/#\\\/schema\\\/person\\\/8a8f40dfae5e9085d6d3495ebff57924\"},\"breadcrumb\":{\"@id\":\"https:\\\/\\\/www.jadek-pensa.si\\\/de\\\/gewinner-des-jadek-pensa-vis-pre-moot-2022\\\/#breadcrumb\"},\"inLanguage\":\"de\",\"potentialAction\":[{\"@type\":\"ReadAction\",\"target\":[\"https:\\\/\\\/www.jadek-pensa.si\\\/de\\\/gewinner-des-jadek-pensa-vis-pre-moot-2022\\\/\"]}]},{\"@type\":\"ImageObject\",\"inLanguage\":\"de\",\"@id\":\"https:\\\/\\\/www.jadek-pensa.si\\\/de\\\/gewinner-des-jadek-pensa-vis-pre-moot-2022\\\/#primaryimage\",\"url\":\"https:\\\/\\\/www.jadek-pensa.si\\\/wp-content\\\/uploads\\\/2022\\\/03\\\/Vis-Pre-Moot-scaled.jpg\",\"contentUrl\":\"https:\\\/\\\/www.jadek-pensa.si\\\/wp-content\\\/uploads\\\/2022\\\/03\\\/Vis-Pre-Moot-scaled.jpg\"},{\"@type\":\"BreadcrumbList\",\"@id\":\"https:\\\/\\\/www.jadek-pensa.si\\\/de\\\/gewinner-des-jadek-pensa-vis-pre-moot-2022\\\/#breadcrumb\",\"itemListElement\":[{\"@type\":\"ListItem\",\"position\":1,\"name\":\"Home\",\"item\":\"https:\\\/\\\/www.jadek-pensa.si\\\/de\\\/\"},{\"@type\":\"ListItem\",\"position\":2,\"name\":\"Gewinner des Jadek &#038; Pensa Vis Pre-Moot 2022\"}]},{\"@type\":\"WebSite\",\"@id\":\"https:\\\/\\\/www.jadek-pensa.si\\\/de\\\/#website\",\"url\":\"https:\\\/\\\/www.jadek-pensa.si\\\/de\\\/\",\"name\":\"Jadek &amp; Pensa\",\"description\":\"\",\"potentialAction\":[{\"@type\":\"SearchAction\",\"target\":{\"@type\":\"EntryPoint\",\"urlTemplate\":\"https:\\\/\\\/www.jadek-pensa.si\\\/de\\\/?s={search_term_string}\"},\"query-input\":{\"@type\":\"PropertyValueSpecification\",\"valueRequired\":true,\"valueName\":\"search_term_string\"}}],\"inLanguage\":\"de\"},{\"@type\":\"Person\",\"@id\":\"https:\\\/\\\/www.jadek-pensa.si\\\/de\\\/#\\\/schema\\\/person\\\/8a8f40dfae5e9085d6d3495ebff57924\",\"name\":\"Jerneja Domej\",\"image\":{\"@type\":\"ImageObject\",\"inLanguage\":\"de\",\"@id\":\"https:\\\/\\\/secure.gravatar.com\\\/avatar\\\/219302c3536a7a6e99ac65aa6aaa3c19d48be6cdc0e9b7cade08e8b2af212d4f?s=96&d=mm&r=g\",\"url\":\"https:\\\/\\\/secure.gravatar.com\\\/avatar\\\/219302c3536a7a6e99ac65aa6aaa3c19d48be6cdc0e9b7cade08e8b2af212d4f?s=96&d=mm&r=g\",\"contentUrl\":\"https:\\\/\\\/secure.gravatar.com\\\/avatar\\\/219302c3536a7a6e99ac65aa6aaa3c19d48be6cdc0e9b7cade08e8b2af212d4f?s=96&d=mm&r=g\",\"caption\":\"Jerneja Domej\"},\"sameAs\":[\"http:\\\/\\\/www.jadek-pensa.si\\\/\"]}]}<\/script>\n<!-- \/ Yoast SEO plugin. -->","yoast_head_json":{"title":"Gewinner des Jadek & Pensa Vis Pre-Moot 2022 - Jadek &amp; Pensa","robots":{"index":"index","follow":"follow","max-snippet":"max-snippet:-1","max-image-preview":"max-image-preview:large","max-video-preview":"max-video-preview:-1"},"canonical":"https:\/\/www.jadek-pensa.si\/de\/gewinner-des-jadek-pensa-vis-pre-moot-2022\/","og_locale":"de_DE","og_type":"article","og_title":"Gewinner des Jadek & Pensa Vis Pre-Moot 2022 - Jadek &amp; Pensa","og_description":"Am 10. M\u00e4rz 2022 organisierte die Anwaltskanzlei Jadek & Pensa zum ersten Mal den Pre-Moot Wettbewerb, der als Vorbereitung auf den weltwei...","og_url":"https:\/\/www.jadek-pensa.si\/de\/gewinner-des-jadek-pensa-vis-pre-moot-2022\/","og_site_name":"Jadek &amp; Pensa","article_published_time":"2022-03-11T12:42:38+00:00","article_modified_time":"2022-03-16T12:10:27+00:00","og_image":[{"url":"https:\/\/www.jadek-pensa.si\/wp-content\/uploads\/2022\/03\/Vis-Pre-Moot-scaled.jpg","type":"","width":"","height":""}],"author":"Jerneja Domej","twitter_card":"summary_large_image","twitter_misc":{"Verfasst von":"Jerneja Domej","Gesch\u00e4tzte Lesezeit":"1\u00a0Minute"},"schema":{"@context":"https:\/\/schema.org","@graph":[{"@type":"Article","@id":"https:\/\/www.jadek-pensa.si\/de\/gewinner-des-jadek-pensa-vis-pre-moot-2022\/#article","isPartOf":{"@id":"https:\/\/www.jadek-pensa.si\/de\/gewinner-des-jadek-pensa-vis-pre-moot-2022\/"},"author":{"name":"Jerneja Domej","@id":"https:\/\/www.jadek-pensa.si\/de\/#\/schema\/person\/8a8f40dfae5e9085d6d3495ebff57924"},"headline":"Gewinner des Jadek &#038; Pensa Vis Pre-Moot 2022","datePublished":"2022-03-11T12:42:38+00:00","dateModified":"2022-03-16T12:10:27+00:00","mainEntityOfPage":{"@id":"https:\/\/www.jadek-pensa.si\/de\/gewinner-des-jadek-pensa-vis-pre-moot-2022\/"},"wordCount":224,"image":{"@id":"https:\/\/www.jadek-pensa.si\/de\/gewinner-des-jadek-pensa-vis-pre-moot-2022\/#primaryimage"},"thumbnailUrl":"https:\/\/www.jadek-pensa.si\/wp-content\/uploads\/2022\/03\/Vis-Pre-Moot-scaled.jpg","keywords":["Karriere im Recht"],"articleSection":["Karriere im Recht","Nachrichten"],"inLanguage":"de"},{"@type":"WebPage","@id":"https:\/\/www.jadek-pensa.si\/de\/gewinner-des-jadek-pensa-vis-pre-moot-2022\/","url":"https:\/\/www.jadek-pensa.si\/de\/gewinner-des-jadek-pensa-vis-pre-moot-2022\/","name":"Gewinner des Jadek & Pensa Vis Pre-Moot 2022 - Jadek &amp; Pensa","isPartOf":{"@id":"https:\/\/www.jadek-pensa.si\/de\/#website"},"primaryImageOfPage":{"@id":"https:\/\/www.jadek-pensa.si\/de\/gewinner-des-jadek-pensa-vis-pre-moot-2022\/#primaryimage"},"image":{"@id":"https:\/\/www.jadek-pensa.si\/de\/gewinner-des-jadek-pensa-vis-pre-moot-2022\/#primaryimage"},"thumbnailUrl":"https:\/\/www.jadek-pensa.si\/wp-content\/uploads\/2022\/03\/Vis-Pre-Moot-scaled.jpg","datePublished":"2022-03-11T12:42:38+00:00","dateModified":"2022-03-16T12:10:27+00:00","author":{"@id":"https:\/\/www.jadek-pensa.si\/de\/#\/schema\/person\/8a8f40dfae5e9085d6d3495ebff57924"},"breadcrumb":{"@id":"https:\/\/www.jadek-pensa.si\/de\/gewinner-des-jadek-pensa-vis-pre-moot-2022\/#breadcrumb"},"inLanguage":"de","potentialAction":[{"@type":"ReadAction","target":["https:\/\/www.jadek-pensa.si\/de\/gewinner-des-jadek-pensa-vis-pre-moot-2022\/"]}]},{"@type":"ImageObject","inLanguage":"de","@id":"https:\/\/www.jadek-pensa.si\/de\/gewinner-des-jadek-pensa-vis-pre-moot-2022\/#primaryimage","url":"https:\/\/www.jadek-pensa.si\/wp-content\/uploads\/2022\/03\/Vis-Pre-Moot-scaled.jpg","contentUrl":"https:\/\/www.jadek-pensa.si\/wp-content\/uploads\/2022\/03\/Vis-Pre-Moot-scaled.jpg"},{"@type":"BreadcrumbList","@id":"https:\/\/www.jadek-pensa.si\/de\/gewinner-des-jadek-pensa-vis-pre-moot-2022\/#breadcrumb","itemListElement":[{"@type":"ListItem","position":1,"name":"Home","item":"https:\/\/www.jadek-pensa.si\/de\/"},{"@type":"ListItem","position":2,"name":"Gewinner des Jadek &#038; Pensa Vis Pre-Moot 2022"}]},{"@type":"WebSite","@id":"https:\/\/www.jadek-pensa.si\/de\/#website","url":"https:\/\/www.jadek-pensa.si\/de\/","name":"Jadek &amp; Pensa","description":"","potentialAction":[{"@type":"SearchAction","target":{"@type":"EntryPoint","urlTemplate":"https:\/\/www.jadek-pensa.si\/de\/?s={search_term_string}"},"query-input":{"@type":"PropertyValueSpecification","valueRequired":true,"valueName":"search_term_string"}}],"inLanguage":"de"},{"@type":"Person","@id":"https:\/\/www.jadek-pensa.si\/de\/#\/schema\/person\/8a8f40dfae5e9085d6d3495ebff57924","name":"Jerneja Domej","image":{"@type":"ImageObject","inLanguage":"de","@id":"https:\/\/secure.gravatar.com\/avatar\/219302c3536a7a6e99ac65aa6aaa3c19d48be6cdc0e9b7cade08e8b2af212d4f?s=96&d=mm&r=g","url":"https:\/\/secure.gravatar.com\/avatar\/219302c3536a7a6e99ac65aa6aaa3c19d48be6cdc0e9b7cade08e8b2af212d4f?s=96&d=mm&r=g","contentUrl":"https:\/\/secure.gravatar.com\/avatar\/219302c3536a7a6e99ac65aa6aaa3c19d48be6cdc0e9b7cade08e8b2af212d4f?s=96&d=mm&r=g","caption":"Jerneja Domej"},"sameAs":["http:\/\/www.jadek-pensa.si\/"]}]}},"_links":{"self":[{"href":"https:\/\/www.jadek-pensa.si\/de\/wp-json\/wp\/v2\/posts\/7773","targetHints":{"allow":["GET"]}}],"collection":[{"href":"https:\/\/www.jadek-pensa.si\/de\/wp-json\/wp\/v2\/posts"}],"about":[{"href":"https:\/\/www.jadek-pensa.si\/de\/wp-json\/wp\/v2\/types\/post"}],"author":[{"embeddable":true,"href":"https:\/\/www.jadek-pensa.si\/de\/wp-json\/wp\/v2\/users\/6"}],"replies":[{"embeddable":true,"href":"https:\/\/www.jadek-pensa.si\/de\/wp-json\/wp\/v2\/comments?post=7773"}],"version-history":[{"count":0,"href":"https:\/\/www.jadek-pensa.si\/de\/wp-json\/wp\/v2\/posts\/7773\/revisions"}],"wp:attachment":[{"href":"https:\/\/www.jadek-pensa.si\/de\/wp-json\/wp\/v2\/media?parent=7773"}],"wp:term":[{"taxonomy":"category","embeddable":true,"href":"https:\/\/www.jadek-pensa.si\/de\/wp-json\/wp\/v2\/categories?post=7773"},{"taxonomy":"post_tag","embeddable":true,"href":"https:\/\/www.jadek-pensa.si\/de\/wp-json\/wp\/v2\/tags?post=7773"}],"curies":[{"name":"wp","href":"https:\/\/api.w.org\/{rel}","templated":true}]}}