{"id":15611,"date":"2026-09-01T13:57:38","date_gmt":"2026-09-01T13:57:38","guid":{"rendered":"https:\/\/www.jadek-pensa.si\/?p=15611"},"modified":"2026-09-01T13:58:07","modified_gmt":"2026-09-01T13:58:07","slug":"jadek-pensa-se-pridruzuje-horizons-alliance","status":"publish","type":"post","link":"https:\/\/www.jadek-pensa.si\/en\/jadek-pensa-se-pridruzuje-horizons-alliance\/","title":{"rendered":"Jadek &amp; Pensa Joins Horizons Alliance"},"content":{"rendered":"\n<p class=\"wp-block-paragraph\"><\/p>\n\n\n\n\n<p>Jadek &amp; Pensa has joined Horizons Alliance, a leading regional network of independent law firms across Central and Eastern Europe, with effect from 1 September 2026. Together with Bosnian and Herzegovinian firm Dimitrijevi\u0107 &amp; Partners, Jadek &amp; Pensa becomes the tenth member of the alliance, which now provides coordinated legal coverage across ten jurisdictions: Czechia, Slovakia, Poland, Hungary, Romania, Croatia, Slovenia, Serbia, Montenegro, and Bosnia and Herzegovina.<\/p>\n<p>With the addition of both new members, Horizons Alliance now brings together more than 300 lawyers and 72 partners, spans 43 directory-ranked practice groups (<em>Chambers &amp; Partners<\/em>, <em>The Legal 500<\/em>, and <em>IFLR1000<\/em>), and includes more than 60 individually ranked lawyers. For international clients, this gives a single point of access to market-leading independent legal counsel across the region.<\/p>\n<h2><strong>Upcoming IBA Annual Conference<\/strong><\/h2>\n<p>Following the September expansion, partner delegates from member firms across Horizons Alliance, including representatives of Jadek &amp; Pensa, will attend the International Bar Association (IBA) Annual Conference in Copenhagen (4\u20138 October 2026). Alliance partners will host a series of joint bilateral meetings and networking sessions across the city, connecting with international law firms, in-house counsel, and institutional investors to present the newly enlarged regional footprint.<\/p>\n<h2><strong>About Horizons Alliance<\/strong><\/h2>\n<p>Horizons Alliance is an integrated regional network of leading independent law firms across Central and Eastern Europe. Combining tier-one local market expertise with seamless cross-border coordination, the alliance provides comprehensive, business-focused legal solutions across CEE and the Western Balkans.<\/p>\n","protected":false},"excerpt":{"rendered":"<p>Our firm joined the leading law firms network in Central and Eastern Europe&#8230;.<\/p>\n","protected":false},"author":5,"featured_media":0,"comment_status":"open","ping_status":"open","sticky":false,"template":"","format":"standard","meta":{"_acf_changed":false,"footnotes":""},"categories":[40],"tags":[52],"class_list":["post-15611","post","type-post","status-publish","format-standard","hentry","category-news","tag-news"],"acf":[],"yoast_head":"<!-- This site is optimized with the Yoast SEO plugin v28.3 - https:\/\/yoast.com\/product\/yoast-seo-wordpress\/ -->\n<title>Jadek &amp; Pensa Joins Horizons Alliance - Jadek &amp; Pensa<\/title>\n<meta name=\"robots\" content=\"index, follow, max-snippet:-1, max-image-preview:large, max-video-preview:-1\" \/>\n<link rel=\"canonical\" href=\"https:\/\/www.jadek-pensa.si\/en\/jadek-pensa-se-pridruzuje-horizons-alliance\/\" \/>\n<meta property=\"og:locale\" content=\"en_US\" \/>\n<meta property=\"og:type\" content=\"article\" \/>\n<meta property=\"og:title\" content=\"Jadek &amp; Pensa Joins Horizons Alliance - Jadek &amp; Pensa\" \/>\n<meta property=\"og:description\" content=\"Our firm joined the leading law firms network in Central and Eastern Europe....\" \/>\n<meta property=\"og:url\" content=\"https:\/\/www.jadek-pensa.si\/en\/jadek-pensa-se-pridruzuje-horizons-alliance\/\" \/>\n<meta property=\"og:site_name\" content=\"Jadek &amp; Pensa\" \/>\n<meta property=\"article:published_time\" content=\"2026-09-01T13:57:38+00:00\" \/>\n<meta property=\"article:modified_time\" content=\"2026-09-01T13:58:07+00:00\" \/>\n<meta property=\"og:image\" content=\"https:\/\/www.jadek-pensa.si\/wp-content\/uploads\/2024\/12\/social-image-scaled.jpg\" \/>\n\t<meta property=\"og:image:width\" content=\"2560\" \/>\n\t<meta property=\"og:image:height\" content=\"1440\" \/>\n\t<meta property=\"og:image:type\" content=\"image\/jpeg\" \/>\n<meta name=\"author\" content=\"Maru\u0161a Lenar\u010di\u010d\" \/>\n<meta name=\"twitter:card\" content=\"summary_large_image\" \/>\n<meta name=\"twitter:label1\" content=\"Written by\" \/>\n\t<meta name=\"twitter:data1\" content=\"Maru\u0161a Lenar\u010di\u010d\" \/>\n\t<meta name=\"twitter:label2\" content=\"Est. reading time\" \/>\n\t<meta name=\"twitter:data2\" content=\"2 minutes\" \/>\n<script type=\"application\/ld+json\" class=\"yoast-schema-graph\">{\"@context\":\"https:\\\/\\\/schema.org\",\"@graph\":[{\"@type\":\"Article\",\"@id\":\"https:\\\/\\\/www.jadek-pensa.si\\\/en\\\/jadek-pensa-se-pridruzuje-horizons-alliance\\\/#article\",\"isPartOf\":{\"@id\":\"https:\\\/\\\/www.jadek-pensa.si\\\/en\\\/jadek-pensa-se-pridruzuje-horizons-alliance\\\/\"},\"author\":{\"name\":\"Maru\u0161a Lenar\u010di\u010d\",\"@id\":\"https:\\\/\\\/www.jadek-pensa.si\\\/en\\\/#\\\/schema\\\/person\\\/1dc82fb4840bf0a47c9a1b4b953b77dc\"},\"headline\":\"Jadek &amp; Pensa Joins Horizons Alliance\",\"datePublished\":\"2026-09-01T13:57:38+00:00\",\"dateModified\":\"2026-09-01T13:58:07+00:00\",\"mainEntityOfPage\":{\"@id\":\"https:\\\/\\\/www.jadek-pensa.si\\\/en\\\/jadek-pensa-se-pridruzuje-horizons-alliance\\\/\"},\"wordCount\":6,\"commentCount\":0,\"keywords\":[\"News\"],\"articleSection\":[\"News\"],\"inLanguage\":\"en-US\",\"potentialAction\":[{\"@type\":\"CommentAction\",\"name\":\"Comment\",\"target\":[\"https:\\\/\\\/www.jadek-pensa.si\\\/en\\\/jadek-pensa-se-pridruzuje-horizons-alliance\\\/#respond\"]}]},{\"@type\":\"WebPage\",\"@id\":\"https:\\\/\\\/www.jadek-pensa.si\\\/en\\\/jadek-pensa-se-pridruzuje-horizons-alliance\\\/\",\"url\":\"https:\\\/\\\/www.jadek-pensa.si\\\/en\\\/jadek-pensa-se-pridruzuje-horizons-alliance\\\/\",\"name\":\"Jadek &amp; Pensa Joins Horizons Alliance - Jadek &amp; Pensa\",\"isPartOf\":{\"@id\":\"https:\\\/\\\/www.jadek-pensa.si\\\/en\\\/#website\"},\"datePublished\":\"2026-09-01T13:57:38+00:00\",\"dateModified\":\"2026-09-01T13:58:07+00:00\",\"author\":{\"@id\":\"https:\\\/\\\/www.jadek-pensa.si\\\/en\\\/#\\\/schema\\\/person\\\/1dc82fb4840bf0a47c9a1b4b953b77dc\"},\"breadcrumb\":{\"@id\":\"https:\\\/\\\/www.jadek-pensa.si\\\/en\\\/jadek-pensa-se-pridruzuje-horizons-alliance\\\/#breadcrumb\"},\"inLanguage\":\"en-US\",\"potentialAction\":[{\"@type\":\"ReadAction\",\"target\":[\"https:\\\/\\\/www.jadek-pensa.si\\\/en\\\/jadek-pensa-se-pridruzuje-horizons-alliance\\\/\"]}]},{\"@type\":\"BreadcrumbList\",\"@id\":\"https:\\\/\\\/www.jadek-pensa.si\\\/en\\\/jadek-pensa-se-pridruzuje-horizons-alliance\\\/#breadcrumb\",\"itemListElement\":[{\"@type\":\"ListItem\",\"position\":1,\"name\":\"Home\",\"item\":\"https:\\\/\\\/www.jadek-pensa.si\\\/en\\\/\"},{\"@type\":\"ListItem\",\"position\":2,\"name\":\"Jadek &amp; Pensa Joins Horizons Alliance\"}]},{\"@type\":\"WebSite\",\"@id\":\"https:\\\/\\\/www.jadek-pensa.si\\\/en\\\/#website\",\"url\":\"https:\\\/\\\/www.jadek-pensa.si\\\/en\\\/\",\"name\":\"Jadek &amp; Pensa\",\"description\":\"\",\"potentialAction\":[{\"@type\":\"SearchAction\",\"target\":{\"@type\":\"EntryPoint\",\"urlTemplate\":\"https:\\\/\\\/www.jadek-pensa.si\\\/en\\\/?s={search_term_string}\"},\"query-input\":{\"@type\":\"PropertyValueSpecification\",\"valueRequired\":true,\"valueName\":\"search_term_string\"}}],\"inLanguage\":\"en-US\"},{\"@type\":\"Person\",\"@id\":\"https:\\\/\\\/www.jadek-pensa.si\\\/en\\\/#\\\/schema\\\/person\\\/1dc82fb4840bf0a47c9a1b4b953b77dc\",\"name\":\"Maru\u0161a Lenar\u010di\u010d\",\"image\":{\"@type\":\"ImageObject\",\"inLanguage\":\"en-US\",\"@id\":\"https:\\\/\\\/secure.gravatar.com\\\/avatar\\\/c6c847d3f5eae2601ecf0a717fc52c11c512efd67344dd7f9eb15f8be375d371?s=96&d=mm&r=g\",\"url\":\"https:\\\/\\\/secure.gravatar.com\\\/avatar\\\/c6c847d3f5eae2601ecf0a717fc52c11c512efd67344dd7f9eb15f8be375d371?s=96&d=mm&r=g\",\"contentUrl\":\"https:\\\/\\\/secure.gravatar.com\\\/avatar\\\/c6c847d3f5eae2601ecf0a717fc52c11c512efd67344dd7f9eb15f8be375d371?s=96&d=mm&r=g\",\"caption\":\"Maru\u0161a Lenar\u010di\u010d\"},\"sameAs\":[\"http:\\\/\\\/www.jadek-pensa.si\\\/\"]}]}<\/script>\n<!-- \/ Yoast SEO plugin. -->","yoast_head_json":{"title":"Jadek &amp; Pensa Joins Horizons Alliance - Jadek &amp; Pensa","robots":{"index":"index","follow":"follow","max-snippet":"max-snippet:-1","max-image-preview":"max-image-preview:large","max-video-preview":"max-video-preview:-1"},"canonical":"https:\/\/www.jadek-pensa.si\/en\/jadek-pensa-se-pridruzuje-horizons-alliance\/","og_locale":"en_US","og_type":"article","og_title":"Jadek &amp; Pensa Joins Horizons Alliance - Jadek &amp; Pensa","og_description":"Our firm joined the leading law firms network in Central and Eastern Europe....","og_url":"https:\/\/www.jadek-pensa.si\/en\/jadek-pensa-se-pridruzuje-horizons-alliance\/","og_site_name":"Jadek &amp; Pensa","article_published_time":"2026-09-01T13:57:38+00:00","article_modified_time":"2026-09-01T13:58:07+00:00","og_image":[{"width":2560,"height":1440,"url":"https:\/\/www.jadek-pensa.si\/wp-content\/uploads\/2024\/12\/social-image-scaled.jpg","type":"image\/jpeg"}],"author":"Maru\u0161a Lenar\u010di\u010d","twitter_card":"summary_large_image","twitter_misc":{"Written by":"Maru\u0161a Lenar\u010di\u010d","Est. reading time":"2 minutes"},"schema":{"@context":"https:\/\/schema.org","@graph":[{"@type":"Article","@id":"https:\/\/www.jadek-pensa.si\/en\/jadek-pensa-se-pridruzuje-horizons-alliance\/#article","isPartOf":{"@id":"https:\/\/www.jadek-pensa.si\/en\/jadek-pensa-se-pridruzuje-horizons-alliance\/"},"author":{"name":"Maru\u0161a Lenar\u010di\u010d","@id":"https:\/\/www.jadek-pensa.si\/en\/#\/schema\/person\/1dc82fb4840bf0a47c9a1b4b953b77dc"},"headline":"Jadek &amp; Pensa Joins Horizons Alliance","datePublished":"2026-09-01T13:57:38+00:00","dateModified":"2026-09-01T13:58:07+00:00","mainEntityOfPage":{"@id":"https:\/\/www.jadek-pensa.si\/en\/jadek-pensa-se-pridruzuje-horizons-alliance\/"},"wordCount":6,"commentCount":0,"keywords":["News"],"articleSection":["News"],"inLanguage":"en-US","potentialAction":[{"@type":"CommentAction","name":"Comment","target":["https:\/\/www.jadek-pensa.si\/en\/jadek-pensa-se-pridruzuje-horizons-alliance\/#respond"]}]},{"@type":"WebPage","@id":"https:\/\/www.jadek-pensa.si\/en\/jadek-pensa-se-pridruzuje-horizons-alliance\/","url":"https:\/\/www.jadek-pensa.si\/en\/jadek-pensa-se-pridruzuje-horizons-alliance\/","name":"Jadek &amp; Pensa Joins Horizons Alliance - Jadek &amp; Pensa","isPartOf":{"@id":"https:\/\/www.jadek-pensa.si\/en\/#website"},"datePublished":"2026-09-01T13:57:38+00:00","dateModified":"2026-09-01T13:58:07+00:00","author":{"@id":"https:\/\/www.jadek-pensa.si\/en\/#\/schema\/person\/1dc82fb4840bf0a47c9a1b4b953b77dc"},"breadcrumb":{"@id":"https:\/\/www.jadek-pensa.si\/en\/jadek-pensa-se-pridruzuje-horizons-alliance\/#breadcrumb"},"inLanguage":"en-US","potentialAction":[{"@type":"ReadAction","target":["https:\/\/www.jadek-pensa.si\/en\/jadek-pensa-se-pridruzuje-horizons-alliance\/"]}]},{"@type":"BreadcrumbList","@id":"https:\/\/www.jadek-pensa.si\/en\/jadek-pensa-se-pridruzuje-horizons-alliance\/#breadcrumb","itemListElement":[{"@type":"ListItem","position":1,"name":"Home","item":"https:\/\/www.jadek-pensa.si\/en\/"},{"@type":"ListItem","position":2,"name":"Jadek &amp; Pensa Joins Horizons Alliance"}]},{"@type":"WebSite","@id":"https:\/\/www.jadek-pensa.si\/en\/#website","url":"https:\/\/www.jadek-pensa.si\/en\/","name":"Jadek &amp; Pensa","description":"","potentialAction":[{"@type":"SearchAction","target":{"@type":"EntryPoint","urlTemplate":"https:\/\/www.jadek-pensa.si\/en\/?s={search_term_string}"},"query-input":{"@type":"PropertyValueSpecification","valueRequired":true,"valueName":"search_term_string"}}],"inLanguage":"en-US"},{"@type":"Person","@id":"https:\/\/www.jadek-pensa.si\/en\/#\/schema\/person\/1dc82fb4840bf0a47c9a1b4b953b77dc","name":"Maru\u0161a Lenar\u010di\u010d","image":{"@type":"ImageObject","inLanguage":"en-US","@id":"https:\/\/secure.gravatar.com\/avatar\/c6c847d3f5eae2601ecf0a717fc52c11c512efd67344dd7f9eb15f8be375d371?s=96&d=mm&r=g","url":"https:\/\/secure.gravatar.com\/avatar\/c6c847d3f5eae2601ecf0a717fc52c11c512efd67344dd7f9eb15f8be375d371?s=96&d=mm&r=g","contentUrl":"https:\/\/secure.gravatar.com\/avatar\/c6c847d3f5eae2601ecf0a717fc52c11c512efd67344dd7f9eb15f8be375d371?s=96&d=mm&r=g","caption":"Maru\u0161a Lenar\u010di\u010d"},"sameAs":["http:\/\/www.jadek-pensa.si\/"]}]}},"_links":{"self":[{"href":"https:\/\/www.jadek-pensa.si\/en\/wp-json\/wp\/v2\/posts\/15611","targetHints":{"allow":["GET"]}}],"collection":[{"href":"https:\/\/www.jadek-pensa.si\/en\/wp-json\/wp\/v2\/posts"}],"about":[{"href":"https:\/\/www.jadek-pensa.si\/en\/wp-json\/wp\/v2\/types\/post"}],"author":[{"embeddable":true,"href":"https:\/\/www.jadek-pensa.si\/en\/wp-json\/wp\/v2\/users\/5"}],"replies":[{"embeddable":true,"href":"https:\/\/www.jadek-pensa.si\/en\/wp-json\/wp\/v2\/comments?post=15611"}],"version-history":[{"count":2,"href":"https:\/\/www.jadek-pensa.si\/en\/wp-json\/wp\/v2\/posts\/15611\/revisions"}],"predecessor-version":[{"id":15613,"href":"https:\/\/www.jadek-pensa.si\/en\/wp-json\/wp\/v2\/posts\/15611\/revisions\/15613"}],"wp:attachment":[{"href":"https:\/\/www.jadek-pensa.si\/en\/wp-json\/wp\/v2\/media?parent=15611"}],"wp:term":[{"taxonomy":"category","embeddable":true,"href":"https:\/\/www.jadek-pensa.si\/en\/wp-json\/wp\/v2\/categories?post=15611"},{"taxonomy":"post_tag","embeddable":true,"href":"https:\/\/www.jadek-pensa.si\/en\/wp-json\/wp\/v2\/tags?post=15611"}],"curies":[{"name":"wp","href":"https:\/\/api.w.org\/{rel}","templated":true}]}}